{"id":609,"date":"2015-05-24T20:56:06","date_gmt":"2015-05-24T18:56:06","guid":{"rendered":"http:\/\/jakub.fenert.net\/?p=609"},"modified":"2017-06-28T21:04:35","modified_gmt":"2017-06-28T19:04:35","slug":"oficer-polowy","status":"publish","type":"post","link":"https:\/\/jakub.fenert.net\/?p=609","title":{"rendered":"Oficer polowy"},"content":{"rendered":"<p>Po zako\u0144czeniu pierwszej wojny \u015bwiatowej i wyzwoleniu si\u0119 spod zaboru Austriackiego, Rosyjskiego, i Pruskiego, II RP by\u0142a w stanie prawie nieprzerwanego konfliktu. Polscy oficerowie pochodzili ze spo\u0142ecze\u0144stwa, kt\u00f3re ceni\u0142o sobie rozleg\u0142\u0105 i d\u0142ug\u0105 tradycj\u0119 wojskow\u0105 &#8211; wi\u0119kszo\u015b\u0107 z nich by\u0142a zdolnymi i do\u015bwiadczonymi przyw\u00f3dcami.<\/p>\n<p><a href=\"http:\/\/jakub.fenert.net\/wp-content\/uploads\/2015\/05\/dow\u00f3dca-016.jpg\"><img loading=\"lazy\" decoding=\"async\" class=\"aligncenter size-large wp-image-610\" src=\"http:\/\/jakub.fenert.net\/wp-content\/uploads\/2015\/05\/dow\u00f3dca-016-1024x683.jpg\" alt=\"dow\u00f3dca 016\" width=\"660\" height=\"440\" srcset=\"https:\/\/jakub.fenert.net\/wp-content\/uploads\/2015\/05\/dow\u00f3dca-016-1024x683.jpg 1024w, https:\/\/jakub.fenert.net\/wp-content\/uploads\/2015\/05\/dow\u00f3dca-016-300x200.jpg 300w, https:\/\/jakub.fenert.net\/wp-content\/uploads\/2015\/05\/dow\u00f3dca-016-700x467.jpg 700w, https:\/\/jakub.fenert.net\/wp-content\/uploads\/2015\/05\/dow\u00f3dca-016.jpg 1200w\" sizes=\"auto, (max-width: 660px) 100vw, 660px\" \/><\/a> <a href=\"http:\/\/jakub.fenert.net\/wp-content\/uploads\/2015\/05\/dow\u00f3dca-017.jpg\"><img loading=\"lazy\" decoding=\"async\" class=\"aligncenter size-large wp-image-611\" src=\"http:\/\/jakub.fenert.net\/wp-content\/uploads\/2015\/05\/dow\u00f3dca-017-1024x683.jpg\" alt=\"dow\u00f3dca 017\" width=\"660\" height=\"440\" srcset=\"https:\/\/jakub.fenert.net\/wp-content\/uploads\/2015\/05\/dow\u00f3dca-017-1024x683.jpg 1024w, https:\/\/jakub.fenert.net\/wp-content\/uploads\/2015\/05\/dow\u00f3dca-017-300x200.jpg 300w, https:\/\/jakub.fenert.net\/wp-content\/uploads\/2015\/05\/dow\u00f3dca-017-700x467.jpg 700w, https:\/\/jakub.fenert.net\/wp-content\/uploads\/2015\/05\/dow\u00f3dca-017.jpg 1200w\" sizes=\"auto, (max-width: 660px) 100vw, 660px\" \/><\/a> <a href=\"http:\/\/jakub.fenert.net\/wp-content\/uploads\/2015\/05\/dow\u00f3dca-018.jpg\"><img loading=\"lazy\" decoding=\"async\" class=\"aligncenter size-large wp-image-612\" src=\"http:\/\/jakub.fenert.net\/wp-content\/uploads\/2015\/05\/dow\u00f3dca-018-1024x683.jpg\" alt=\"dow\u00f3dca 018\" width=\"660\" height=\"440\" srcset=\"https:\/\/jakub.fenert.net\/wp-content\/uploads\/2015\/05\/dow\u00f3dca-018-1024x683.jpg 1024w, https:\/\/jakub.fenert.net\/wp-content\/uploads\/2015\/05\/dow\u00f3dca-018-300x200.jpg 300w, https:\/\/jakub.fenert.net\/wp-content\/uploads\/2015\/05\/dow\u00f3dca-018-700x467.jpg 700w, https:\/\/jakub.fenert.net\/wp-content\/uploads\/2015\/05\/dow\u00f3dca-018.jpg 1200w\" sizes=\"auto, (max-width: 660px) 100vw, 660px\" \/><\/a>Pozdrawiam,<\/p>\n<p>Jakub.<\/p>\n","protected":false},"excerpt":{"rendered":"<p>Po zako\u0144czeniu pierwszej wojny \u015bwiatowej i wyzwoleniu si\u0119 spod zaboru Austriackiego, Rosyjskiego, i Pruskiego, II RP by\u0142a w stanie prawie nieprzerwanego konfliktu. Polscy oficerowie pochodzili ze spo\u0142ecze\u0144stwa, kt\u00f3re ceni\u0142o sobie rozleg\u0142\u0105 i d\u0142ug\u0105 tradycj\u0119 wojskow\u0105 &#8211; wi\u0119kszo\u015b\u0107 z nich by\u0142a <a class=\"more-link\" href=\"https:\/\/jakub.fenert.net\/?p=609\">Czytaj dalej  <span class=\"screen-reader-text\">  Oficer polowy<\/span><span class=\"meta-nav\">&rarr;<\/span><\/a><\/p>\n","protected":false},"author":1,"featured_media":610,"comment_status":"open","ping_status":"open","sticky":false,"template":"","format":"standard","meta":{"_monsterinsights_skip_tracking":false,"_monsterinsights_sitenote_active":false,"_monsterinsights_sitenote_note":"","_monsterinsights_sitenote_category":0,"footnotes":""},"categories":[17],"tags":[36,28,27,39],"class_list":["post-609","post","type-post","status-publish","format-standard","has-post-thumbnail","hentry","category-bolt-action","tag-bolt-action","tag-figurki","tag-galeria","tag-polacy"],"_links":{"self":[{"href":"https:\/\/jakub.fenert.net\/index.php?rest_route=\/wp\/v2\/posts\/609","targetHints":{"allow":["GET"]}}],"collection":[{"href":"https:\/\/jakub.fenert.net\/index.php?rest_route=\/wp\/v2\/posts"}],"about":[{"href":"https:\/\/jakub.fenert.net\/index.php?rest_route=\/wp\/v2\/types\/post"}],"author":[{"embeddable":true,"href":"https:\/\/jakub.fenert.net\/index.php?rest_route=\/wp\/v2\/users\/1"}],"replies":[{"embeddable":true,"href":"https:\/\/jakub.fenert.net\/index.php?rest_route=%2Fwp%2Fv2%2Fcomments&post=609"}],"version-history":[{"count":1,"href":"https:\/\/jakub.fenert.net\/index.php?rest_route=\/wp\/v2\/posts\/609\/revisions"}],"predecessor-version":[{"id":613,"href":"https:\/\/jakub.fenert.net\/index.php?rest_route=\/wp\/v2\/posts\/609\/revisions\/613"}],"wp:featuredmedia":[{"embeddable":true,"href":"https:\/\/jakub.fenert.net\/index.php?rest_route=\/wp\/v2\/media\/610"}],"wp:attachment":[{"href":"https:\/\/jakub.fenert.net\/index.php?rest_route=%2Fwp%2Fv2%2Fmedia&parent=609"}],"wp:term":[{"taxonomy":"category","embeddable":true,"href":"https:\/\/jakub.fenert.net\/index.php?rest_route=%2Fwp%2Fv2%2Fcategories&post=609"},{"taxonomy":"post_tag","embeddable":true,"href":"https:\/\/jakub.fenert.net\/index.php?rest_route=%2Fwp%2Fv2%2Ftags&post=609"}],"curies":[{"name":"wp","href":"https:\/\/api.w.org\/{rel}","templated":true}]}}