{"id":570,"date":"2015-03-26T19:33:51","date_gmt":"2015-03-26T18:33:51","guid":{"rendered":"http:\/\/jakub.fenert.net\/?p=570"},"modified":"2015-03-26T19:33:51","modified_gmt":"2015-03-26T18:33:51","slug":"obserwator-polowy","status":"publish","type":"post","link":"https:\/\/jakub.fenert.net\/?p=570","title":{"rendered":"Obserwator Polowy"},"content":{"rendered":"<p>Mimo niewielkich liczb, dzia\u0142a Polskich jednostek artylerii nie by\u0142y koniecznie zacofane w por\u00f3wnaniu z innymi kombatantami w 1939 roku. By\u0142y one jednak du\u017co mniej skuteczne ze wzgl\u0119du na ograniczon\u0105 ilo\u015b\u0107 dost\u0119pnych radiostacji polowych &#8211; jednak wielu wyszkolonych obserwator\u00f3w by\u0142o w stanie wspiera\u0107 Polsk\u0105 artyleri\u0119 nawet bez pomocy zaawansowanego sprz\u0119tu.<\/p>\n<p><a href=\"http:\/\/jakub.fenert.net\/wp-content\/uploads\/2015\/03\/97-032.jpg\"><img loading=\"lazy\" decoding=\"async\" class=\"aligncenter size-large wp-image-571\" src=\"http:\/\/jakub.fenert.net\/wp-content\/uploads\/2015\/03\/97-032-1024x683.jpg\" alt=\"97 032\" width=\"660\" height=\"440\" srcset=\"https:\/\/jakub.fenert.net\/wp-content\/uploads\/2015\/03\/97-032-1024x683.jpg 1024w, https:\/\/jakub.fenert.net\/wp-content\/uploads\/2015\/03\/97-032-300x200.jpg 300w, https:\/\/jakub.fenert.net\/wp-content\/uploads\/2015\/03\/97-032-700x467.jpg 700w, https:\/\/jakub.fenert.net\/wp-content\/uploads\/2015\/03\/97-032.jpg 1200w\" sizes=\"auto, (max-width: 660px) 100vw, 660px\" \/><\/a> <a href=\"http:\/\/jakub.fenert.net\/wp-content\/uploads\/2015\/03\/97-033.jpg\"><img loading=\"lazy\" decoding=\"async\" class=\"aligncenter size-large wp-image-572\" src=\"http:\/\/jakub.fenert.net\/wp-content\/uploads\/2015\/03\/97-033-1024x683.jpg\" alt=\"97 033\" width=\"660\" height=\"440\" srcset=\"https:\/\/jakub.fenert.net\/wp-content\/uploads\/2015\/03\/97-033-1024x683.jpg 1024w, https:\/\/jakub.fenert.net\/wp-content\/uploads\/2015\/03\/97-033-300x200.jpg 300w, https:\/\/jakub.fenert.net\/wp-content\/uploads\/2015\/03\/97-033-700x467.jpg 700w, https:\/\/jakub.fenert.net\/wp-content\/uploads\/2015\/03\/97-033.jpg 1200w\" sizes=\"auto, (max-width: 660px) 100vw, 660px\" \/><\/a> <a href=\"http:\/\/jakub.fenert.net\/wp-content\/uploads\/2015\/03\/97-034.jpg\"><img loading=\"lazy\" decoding=\"async\" class=\"aligncenter size-large wp-image-573\" src=\"http:\/\/jakub.fenert.net\/wp-content\/uploads\/2015\/03\/97-034-1024x683.jpg\" alt=\"97 034\" width=\"660\" height=\"440\" srcset=\"https:\/\/jakub.fenert.net\/wp-content\/uploads\/2015\/03\/97-034-1024x683.jpg 1024w, https:\/\/jakub.fenert.net\/wp-content\/uploads\/2015\/03\/97-034-300x200.jpg 300w, https:\/\/jakub.fenert.net\/wp-content\/uploads\/2015\/03\/97-034-700x467.jpg 700w, https:\/\/jakub.fenert.net\/wp-content\/uploads\/2015\/03\/97-034.jpg 1200w\" sizes=\"auto, (max-width: 660px) 100vw, 660px\" \/><\/a>Pozdrawiam,<\/p>\n<p>Jakub \ud83d\ude42<\/p>\n","protected":false},"excerpt":{"rendered":"<p>Mimo niewielkich liczb, dzia\u0142a Polskich jednostek artylerii nie by\u0142y koniecznie zacofane w por\u00f3wnaniu z innymi kombatantami w 1939 roku. By\u0142y one jednak du\u017co mniej skuteczne ze wzgl\u0119du na ograniczon\u0105 ilo\u015b\u0107 dost\u0119pnych radiostacji polowych &#8211; jednak wielu wyszkolonych obserwator\u00f3w by\u0142o w <a class=\"more-link\" href=\"https:\/\/jakub.fenert.net\/?p=570\">Czytaj dalej  <span class=\"screen-reader-text\">  Obserwator Polowy<\/span><span class=\"meta-nav\">&rarr;<\/span><\/a><\/p>\n","protected":false},"author":1,"featured_media":571,"comment_status":"open","ping_status":"open","sticky":false,"template":"","format":"standard","meta":{"_monsterinsights_skip_tracking":false,"_monsterinsights_sitenote_active":false,"_monsterinsights_sitenote_note":"","_monsterinsights_sitenote_category":0,"footnotes":""},"categories":[17],"tags":[36,28,27],"class_list":["post-570","post","type-post","status-publish","format-standard","has-post-thumbnail","hentry","category-bolt-action","tag-bolt-action","tag-figurki","tag-galeria"],"_links":{"self":[{"href":"https:\/\/jakub.fenert.net\/index.php?rest_route=\/wp\/v2\/posts\/570","targetHints":{"allow":["GET"]}}],"collection":[{"href":"https:\/\/jakub.fenert.net\/index.php?rest_route=\/wp\/v2\/posts"}],"about":[{"href":"https:\/\/jakub.fenert.net\/index.php?rest_route=\/wp\/v2\/types\/post"}],"author":[{"embeddable":true,"href":"https:\/\/jakub.fenert.net\/index.php?rest_route=\/wp\/v2\/users\/1"}],"replies":[{"embeddable":true,"href":"https:\/\/jakub.fenert.net\/index.php?rest_route=%2Fwp%2Fv2%2Fcomments&post=570"}],"version-history":[{"count":1,"href":"https:\/\/jakub.fenert.net\/index.php?rest_route=\/wp\/v2\/posts\/570\/revisions"}],"predecessor-version":[{"id":574,"href":"https:\/\/jakub.fenert.net\/index.php?rest_route=\/wp\/v2\/posts\/570\/revisions\/574"}],"wp:featuredmedia":[{"embeddable":true,"href":"https:\/\/jakub.fenert.net\/index.php?rest_route=\/wp\/v2\/media\/571"}],"wp:attachment":[{"href":"https:\/\/jakub.fenert.net\/index.php?rest_route=%2Fwp%2Fv2%2Fmedia&parent=570"}],"wp:term":[{"taxonomy":"category","embeddable":true,"href":"https:\/\/jakub.fenert.net\/index.php?rest_route=%2Fwp%2Fv2%2Fcategories&post=570"},{"taxonomy":"post_tag","embeddable":true,"href":"https:\/\/jakub.fenert.net\/index.php?rest_route=%2Fwp%2Fv2%2Ftags&post=570"}],"curies":[{"name":"wp","href":"https:\/\/api.w.org\/{rel}","templated":true}]}}